{"id":11308,"date":"2025-04-26T17:00:36","date_gmt":"2025-04-26T15:00:36","guid":{"rendered":"https:\/\/hotbuzzmag.com\/es\/?p=11308"},"modified":"2025-04-26T17:07:43","modified_gmt":"2025-04-26T15:07:43","slug":"manuela-velles-e-ibon-cormenzana-emocionan-con-cuatro-paredes-en-la-segunda-jornada-del-bcn-film-fest-2025","status":"publish","type":"post","link":"https:\/\/hotbuzzmag.com\/en\/bcn-film-fest-2025-manuela-velles-y-sofia-otero-dia-2\/","title":{"rendered":"Manuela Vell\u00e9s e Ibon Cormenzana emocionan con &#8220;Cuatro Paredes&#8221; en la segunda jornada del BCN Film Fest 2025"},"content":{"rendered":"<p class=\"qtranxs-available-languages-message qtranxs-available-languages-message-en\">Sorry, this entry is only available in <a href=\"https:\/\/hotbuzzmag.com\/es\/wp-json\/wp\/v2\/posts\/11308\" class=\"qtranxs-available-language-link qtranxs-available-language-link-es\" title=\"Espa\u00f1ol\">Espa\u00f1ol<\/a>.<\/p>","protected":false},"excerpt":{"rendered":"<p>Sorry, this entry is only available in Espa\u00f1ol. <a class=\"g1-link g1-link-more\" href=\"https:\/\/hotbuzzmag.com\/en\/bcn-film-fest-2025-manuela-velles-y-sofia-otero-dia-2\/\">More<\/a><\/p>\n","protected":false},"author":3,"featured_media":11311,"comment_status":"open","ping_status":"open","sticky":false,"template":"","format":"standard","meta":{"_monsterinsights_skip_tracking":false,"_uf_show_specific_survey":0,"_uf_disable_surveys":false,"_jetpack_newsletter_access":"","_jetpack_dont_email_post_to_subs":false,"_jetpack_newsletter_tier_id":0,"_jetpack_memberships_contains_paywalled_content":false,"_jetpack_feature_clip_id":0,"_jetpack_memberships_contains_paid_content":false,"footnotes":"","jetpack_publicize_message":"","jetpack_publicize_feature_enabled":true,"jetpack_social_post_already_shared":true,"jetpack_social_options":{"image_generator_settings":{"template":"highway","default_image_id":0,"font":"","enabled":false},"version":2},"jetpack_post_was_ever_published":false},"categories":[23],"tags":[4922,4642,4794,4752,4725,4932,4934,4931,4918,4933],"reaction":[],"adace-sponsor":[],"class_list":["post-11308","post","type-post","status-publish","format-standard","has-post-thumbnail","category-cine","tag-barbie-ferreira","tag-bcn-film-fest","tag-cines-verdi","tag-conxita-casanovas","tag-hotel-casa-fuster","tag-ibon-cormenzana","tag-jane-austen","tag-laura-piani","tag-manuela-velles","tag-sofia-otero"],"aioseo_notices":[],"aioseo_head":"\n\t\t<!-- All in One SEO 5.0.1.1 - aioseo.com -->\n\t<meta name=\"description\" content=\"Manuela Vell\u00e9s, Sof\u00eda Otero e Ibon Cormenzana emocionan en el BCN Film Fest 2025 con &quot;Cuatro Paredes&quot;. Todo sobre la segunda jornada del festival.\" \/>\n\t<meta name=\"robots\" content=\"max-image-preview:large\" \/>\n\t<meta name=\"author\" content=\"Tha\u00efs Parvez\"\/>\n\t<meta name=\"google-site-verification\" content=\"8zRwdNGvTh7XxfwHrbpQ95mY_F9LFcOEEUJhyZJxgxE\" \/>\n\t<meta name=\"keywords\" content=\"barbie ferreira,bcn film fest,cines verdi,conxita casanovas,hotel casa fuster,ibon cormenzana,jane austen,laura piani,manuela vell\u00e9s,sof\u00eda otero\" \/>\n\t<link rel=\"canonical\" href=\"https:\/\/hotbuzzmag.com\/en\/bcn-film-fest-2025-manuela-velles-y-sofia-otero-dia-2\/\" \/>\n\t<meta name=\"generator\" content=\"All in One SEO (AIOSEO) 5.0.1.1\" \/>\n\t\t<meta property=\"og:locale\" content=\"en_US\" \/>\n\t\t<meta property=\"og:site_name\" content=\"Hot BuZz (mag) | News, reviews, curiosities and other cultural rarities\" \/>\n\t\t<meta property=\"og:type\" content=\"article\" \/>\n\t\t<meta property=\"og:title\" content=\"BCN Film Fest: Manuela Vell\u00e9s emociona con &quot;Cuatro Paredes&quot;\" \/>\n\t\t<meta property=\"og:description\" content=\"Manuela Vell\u00e9s, Sof\u00eda Otero e Ibon Cormenzana emocionan en el BCN Film Fest 2025 con &quot;Cuatro Paredes&quot;. Todo sobre la segunda jornada del festival.\" \/>\n\t\t<meta property=\"og:url\" content=\"https:\/\/hotbuzzmag.com\/en\/bcn-film-fest-2025-manuela-velles-y-sofia-otero-dia-2\/\" \/>\n\t\t<meta property=\"og:image\" content=\"https:\/\/hotbuzzmag.com\/wp-content\/uploads\/2025\/04\/Manuela-Velles-Ibon-Cormenzana-y-Sofia-Otero-BCN-Film-Fest-2025.jpg\" \/>\n\t\t<meta property=\"og:image:secure_url\" content=\"https:\/\/hotbuzzmag.com\/wp-content\/uploads\/2025\/04\/Manuela-Velles-Ibon-Cormenzana-y-Sofia-Otero-BCN-Film-Fest-2025.jpg\" \/>\n\t\t<meta property=\"og:image:width\" content=\"1080\" \/>\n\t\t<meta property=\"og:image:height\" content=\"800\" \/>\n\t\t<meta property=\"article:published_time\" content=\"2025-04-26T15:00:36+00:00\" \/>\n\t\t<meta property=\"article:modified_time\" content=\"2025-04-26T15:07:43+00:00\" \/>\n\t\t<meta property=\"article:publisher\" content=\"https:\/\/facebook.com\/hotbuzzmag\" \/>\n\t\t<meta name=\"twitter:card\" content=\"summary\" \/>\n\t\t<meta name=\"twitter:site\" content=\"@hotbuzzmag\" \/>\n\t\t<meta name=\"twitter:title\" content=\"BCN Film Fest: Manuela Vell\u00e9s emociona con &quot;Cuatro Paredes&quot;\" \/>\n\t\t<meta name=\"twitter:description\" content=\"Manuela Vell\u00e9s, Sof\u00eda Otero e Ibon Cormenzana emocionan en el BCN Film Fest 2025 con &quot;Cuatro Paredes&quot;. Todo sobre la segunda jornada del festival.\" \/>\n\t\t<meta name=\"twitter:creator\" content=\"@hotbuzzmag\" \/>\n\t\t<meta name=\"twitter:image\" content=\"https:\/\/hotbuzzmag.com\/wp-content\/uploads\/2025\/04\/Manuela-Velles-Ibon-Cormenzana-y-Sofia-Otero-BCN-Film-Fest-2025.jpg\" \/>\n\t\t<script type=\"application\/ld+json\" class=\"aioseo-schema\">\n\t\t\t{\"@context\":\"https:\\\/\\\/schema.org\",\"@graph\":[{\"@type\":\"Article\",\"@id\":\"https:\\\/\\\/hotbuzzmag.com\\\/en\\\/bcn-film-fest-2025-manuela-velles-y-sofia-otero-dia-2\\\/#article\",\"name\":\"BCN Film Fest: Manuela Vell\\u00e9s emociona con \\\"Cuatro Paredes\\\"\",\"headline\":\"Manuela Vell\\u00e9s e Ibon Cormenzana emocionan con &#8220;Cuatro Paredes&#8221; en la segunda jornada del BCN Film Fest 2025\",\"author\":{\"@id\":\"https:\\\/\\\/hotbuzzmag.com\\\/en\\\/author\\\/thais\\\/#author\"},\"publisher\":{\"@id\":\"https:\\\/\\\/hotbuzzmag.com\\\/en\\\/#organization\"},\"image\":{\"@type\":\"ImageObject\",\"url\":\"https:\\\/\\\/i0.wp.com\\\/hotbuzzmag.com\\\/wp-content\\\/uploads\\\/2025\\\/04\\\/Manuela-Velles-Ibon-Cormenzana-y-Sofia-Otero-BCN-Film-Fest-2025.jpg?fit=1080%2C800&ssl=1\",\"width\":1080,\"height\":800,\"caption\":\"Manuela Vell\\u00e9s, Ibon Cormenzana y Sof\\u00eda Otero - BCN Film Fest 2025\"},\"datePublished\":\"2025-04-26T17:00:36+02:00\",\"dateModified\":\"2025-04-26T17:07:43+02:00\",\"inLanguage\":\"en-US\",\"mainEntityOfPage\":{\"@id\":\"https:\\\/\\\/hotbuzzmag.com\\\/en\\\/bcn-film-fest-2025-manuela-velles-y-sofia-otero-dia-2\\\/#webpage\"},\"isPartOf\":{\"@id\":\"https:\\\/\\\/hotbuzzmag.com\\\/en\\\/bcn-film-fest-2025-manuela-velles-y-sofia-otero-dia-2\\\/#webpage\"},\"articleSection\":\"Film and television, Barbie Ferreira, BCN Film Fest, Cines Verdi, Conxita Casanovas, Hotel Casa Fuster, Ibon Cormenzana, Jane Austen, Laura Piani, Manuela Vell\\u00e9s, Sof\\u00eda Otero\"},{\"@type\":\"BreadcrumbList\",\"@id\":\"https:\\\/\\\/hotbuzzmag.com\\\/en\\\/bcn-film-fest-2025-manuela-velles-y-sofia-otero-dia-2\\\/#breadcrumblist\",\"itemListElement\":[{\"@type\":\"ListItem\",\"@id\":\"https:\\\/\\\/hotbuzzmag.com\\\/en#listItem\",\"position\":1,\"name\":\"Inicio\",\"item\":\"https:\\\/\\\/hotbuzzmag.com\\\/en\",\"nextItem\":{\"@type\":\"ListItem\",\"@id\":\"https:\\\/\\\/hotbuzzmag.com\\\/en\\\/category\\\/film-and-televisioncine-y-television\\\/#listItem\",\"name\":\"Film and television\"}},{\"@type\":\"ListItem\",\"@id\":\"https:\\\/\\\/hotbuzzmag.com\\\/en\\\/category\\\/film-and-televisioncine-y-television\\\/#listItem\",\"position\":2,\"name\":\"Film and television\",\"item\":\"https:\\\/\\\/hotbuzzmag.com\\\/en\\\/category\\\/film-and-televisioncine-y-television\\\/\",\"nextItem\":{\"@type\":\"ListItem\",\"@id\":\"https:\\\/\\\/hotbuzzmag.com\\\/en\\\/bcn-film-fest-2025-manuela-velles-y-sofia-otero-dia-2\\\/#listItem\",\"name\":\"Manuela Vell\\u00e9s e Ibon Cormenzana emocionan con &#8220;Cuatro Paredes&#8221; en la segunda jornada del BCN Film Fest 2025\"},\"previousItem\":{\"@type\":\"ListItem\",\"@id\":\"https:\\\/\\\/hotbuzzmag.com\\\/en#listItem\",\"name\":\"Inicio\"}},{\"@type\":\"ListItem\",\"@id\":\"https:\\\/\\\/hotbuzzmag.com\\\/en\\\/bcn-film-fest-2025-manuela-velles-y-sofia-otero-dia-2\\\/#listItem\",\"position\":3,\"name\":\"Manuela Vell\\u00e9s e Ibon Cormenzana emocionan con &#8220;Cuatro Paredes&#8221; en la segunda jornada del BCN Film Fest 2025\",\"previousItem\":{\"@type\":\"ListItem\",\"@id\":\"https:\\\/\\\/hotbuzzmag.com\\\/en\\\/category\\\/film-and-televisioncine-y-television\\\/#listItem\",\"name\":\"Film and television\"}}]},{\"@type\":\"Organization\",\"@id\":\"https:\\\/\\\/hotbuzzmag.com\\\/en\\\/#organization\",\"name\":\"Hot BuZz (mag)\",\"description\":\"News, reviews, curiosities and other cultural rarities\",\"url\":\"https:\\\/\\\/hotbuzzmag.com\\\/en\\\/\",\"logo\":{\"@type\":\"ImageObject\",\"url\":\"https:\\\/\\\/i0.wp.com\\\/hotbuzzmag.com\\\/wp-content\\\/uploads\\\/2020\\\/04\\\/hot-buzz-magazine-logo20.png?fit=394%2C166&ssl=1\",\"@id\":\"https:\\\/\\\/hotbuzzmag.com\\\/en\\\/bcn-film-fest-2025-manuela-velles-y-sofia-otero-dia-2\\\/#organizationLogo\",\"width\":394,\"height\":166,\"caption\":\"Hot Buzz Magazine logo\"},\"image\":{\"@id\":\"https:\\\/\\\/hotbuzzmag.com\\\/en\\\/bcn-film-fest-2025-manuela-velles-y-sofia-otero-dia-2\\\/#organizationLogo\"},\"sameAs\":[\"https:\\\/\\\/facebook.com\\\/hotbuzzmag\",\"https:\\\/\\\/x.com\\\/hotbuzzmag\",\"https:\\\/\\\/instagram.com\\\/hotbuzzmag\",\"https:\\\/\\\/tiktok.com\\\/@hotbuzzmag\",\"https:\\\/\\\/pinterest.com\\\/hotbuzzmag\",\"https:\\\/\\\/youtube.com\\\/hotbuzzmag\",\"https:\\\/\\\/linkedin.com\\\/in\\\/hotbuzzmag\"]},{\"@type\":\"Person\",\"@id\":\"https:\\\/\\\/hotbuzzmag.com\\\/en\\\/author\\\/thais\\\/#author\",\"url\":\"https:\\\/\\\/hotbuzzmag.com\\\/en\\\/author\\\/thais\\\/\",\"name\":\"Tha\\u00efs Parvez\",\"image\":{\"@type\":\"ImageObject\",\"@id\":\"https:\\\/\\\/hotbuzzmag.com\\\/en\\\/bcn-film-fest-2025-manuela-velles-y-sofia-otero-dia-2\\\/#authorImage\",\"url\":\"https:\\\/\\\/secure.gravatar.com\\\/avatar\\\/da7aefe9cb2a9577c6685d3df8544e847cb65f714798cafeb81131a815ea4d23?s=96&d=mm&r=g\",\"width\":96,\"height\":96,\"caption\":\"Tha\\u00efs Parvez\"}},{\"@type\":\"WebPage\",\"@id\":\"https:\\\/\\\/hotbuzzmag.com\\\/en\\\/bcn-film-fest-2025-manuela-velles-y-sofia-otero-dia-2\\\/#webpage\",\"url\":\"https:\\\/\\\/hotbuzzmag.com\\\/en\\\/bcn-film-fest-2025-manuela-velles-y-sofia-otero-dia-2\\\/\",\"name\":\"BCN Film Fest: Manuela Vell\\u00e9s emociona con \\\"Cuatro Paredes\\\"\",\"description\":\"Manuela Vell\\u00e9s, Sof\\u00eda Otero e Ibon Cormenzana emocionan en el BCN Film Fest 2025 con \\\"Cuatro Paredes\\\". Todo sobre la segunda jornada del festival.\",\"inLanguage\":\"en-US\",\"isPartOf\":{\"@id\":\"https:\\\/\\\/hotbuzzmag.com\\\/en\\\/#website\"},\"breadcrumb\":{\"@id\":\"https:\\\/\\\/hotbuzzmag.com\\\/en\\\/bcn-film-fest-2025-manuela-velles-y-sofia-otero-dia-2\\\/#breadcrumblist\"},\"author\":{\"@id\":\"https:\\\/\\\/hotbuzzmag.com\\\/en\\\/author\\\/thais\\\/#author\"},\"creator\":{\"@id\":\"https:\\\/\\\/hotbuzzmag.com\\\/en\\\/author\\\/thais\\\/#author\"},\"image\":{\"@type\":\"ImageObject\",\"url\":\"https:\\\/\\\/i0.wp.com\\\/hotbuzzmag.com\\\/wp-content\\\/uploads\\\/2025\\\/04\\\/Manuela-Velles-Ibon-Cormenzana-y-Sofia-Otero-BCN-Film-Fest-2025.jpg?fit=1080%2C800&ssl=1\",\"@id\":\"https:\\\/\\\/hotbuzzmag.com\\\/en\\\/bcn-film-fest-2025-manuela-velles-y-sofia-otero-dia-2\\\/#mainImage\",\"width\":1080,\"height\":800,\"caption\":\"Manuela Vell\\u00e9s, Ibon Cormenzana y Sof\\u00eda Otero - BCN Film Fest 2025\"},\"primaryImageOfPage\":{\"@id\":\"https:\\\/\\\/hotbuzzmag.com\\\/en\\\/bcn-film-fest-2025-manuela-velles-y-sofia-otero-dia-2\\\/#mainImage\"},\"datePublished\":\"2025-04-26T17:00:36+02:00\",\"dateModified\":\"2025-04-26T17:07:43+02:00\"},{\"@type\":\"WebSite\",\"@id\":\"https:\\\/\\\/hotbuzzmag.com\\\/en\\\/#website\",\"url\":\"https:\\\/\\\/hotbuzzmag.com\\\/en\\\/\",\"name\":\"Hot BuZz (Mag) - Noticias, entrevistas &amp; rese\\u00f1as | Cine, m\\u00fasica\",\"description\":\"News, reviews, curiosities and other cultural rarities\",\"inLanguage\":\"en-US\",\"publisher\":{\"@id\":\"https:\\\/\\\/hotbuzzmag.com\\\/en\\\/#organization\"}}]}\n\t\t<\/script>\n\t\t<!-- All in One SEO -->\n\n","aioseo_head_json":{"title":"BCN Film Fest: Manuela Vell\u00e9s emociona con \"Cuatro Paredes\"","description":"Manuela Vell\u00e9s, Sof\u00eda Otero e Ibon Cormenzana emocionan en el BCN Film Fest 2025 con \"Cuatro Paredes\". Todo sobre la segunda jornada del festival.","canonical_url":"https:\/\/hotbuzzmag.com\/en\/bcn-film-fest-2025-manuela-velles-y-sofia-otero-dia-2\/","robots":"max-image-preview:large","keywords":"barbie ferreira,bcn film fest,cines verdi,conxita casanovas,hotel casa fuster,ibon cormenzana,jane austen,laura piani,manuela vell\u00e9s,sof\u00eda otero","webmasterTools":{"google-site-verification":"8zRwdNGvTh7XxfwHrbpQ95mY_F9LFcOEEUJhyZJxgxE","miscellaneous":""},"schema":{"@context":"https:\/\/schema.org","@graph":[{"@type":"Article","@id":"https:\/\/hotbuzzmag.com\/en\/bcn-film-fest-2025-manuela-velles-y-sofia-otero-dia-2\/#article","name":"BCN Film Fest: Manuela Vell\u00e9s emociona con \"Cuatro Paredes\"","headline":"Manuela Vell\u00e9s e Ibon Cormenzana emocionan con &#8220;Cuatro Paredes&#8221; en la segunda jornada del BCN Film Fest 2025","author":{"@id":"https:\/\/hotbuzzmag.com\/en\/author\/thais\/#author"},"publisher":{"@id":"https:\/\/hotbuzzmag.com\/en\/#organization"},"image":{"@type":"ImageObject","url":"https:\/\/i0.wp.com\/hotbuzzmag.com\/wp-content\/uploads\/2025\/04\/Manuela-Velles-Ibon-Cormenzana-y-Sofia-Otero-BCN-Film-Fest-2025.jpg?fit=1080%2C800&ssl=1","width":1080,"height":800,"caption":"Manuela Vell\u00e9s, Ibon Cormenzana y Sof\u00eda Otero - BCN Film Fest 2025"},"datePublished":"2025-04-26T17:00:36+02:00","dateModified":"2025-04-26T17:07:43+02:00","inLanguage":"en-US","mainEntityOfPage":{"@id":"https:\/\/hotbuzzmag.com\/en\/bcn-film-fest-2025-manuela-velles-y-sofia-otero-dia-2\/#webpage"},"isPartOf":{"@id":"https:\/\/hotbuzzmag.com\/en\/bcn-film-fest-2025-manuela-velles-y-sofia-otero-dia-2\/#webpage"},"articleSection":"Film and television, Barbie Ferreira, BCN Film Fest, Cines Verdi, Conxita Casanovas, Hotel Casa Fuster, Ibon Cormenzana, Jane Austen, Laura Piani, Manuela Vell\u00e9s, Sof\u00eda Otero"},{"@type":"BreadcrumbList","@id":"https:\/\/hotbuzzmag.com\/en\/bcn-film-fest-2025-manuela-velles-y-sofia-otero-dia-2\/#breadcrumblist","itemListElement":[{"@type":"ListItem","@id":"https:\/\/hotbuzzmag.com\/en#listItem","position":1,"name":"Inicio","item":"https:\/\/hotbuzzmag.com\/en","nextItem":{"@type":"ListItem","@id":"https:\/\/hotbuzzmag.com\/en\/category\/film-and-televisioncine-y-television\/#listItem","name":"Film and television"}},{"@type":"ListItem","@id":"https:\/\/hotbuzzmag.com\/en\/category\/film-and-televisioncine-y-television\/#listItem","position":2,"name":"Film and television","item":"https:\/\/hotbuzzmag.com\/en\/category\/film-and-televisioncine-y-television\/","nextItem":{"@type":"ListItem","@id":"https:\/\/hotbuzzmag.com\/en\/bcn-film-fest-2025-manuela-velles-y-sofia-otero-dia-2\/#listItem","name":"Manuela Vell\u00e9s e Ibon Cormenzana emocionan con &#8220;Cuatro Paredes&#8221; en la segunda jornada del BCN Film Fest 2025"},"previousItem":{"@type":"ListItem","@id":"https:\/\/hotbuzzmag.com\/en#listItem","name":"Inicio"}},{"@type":"ListItem","@id":"https:\/\/hotbuzzmag.com\/en\/bcn-film-fest-2025-manuela-velles-y-sofia-otero-dia-2\/#listItem","position":3,"name":"Manuela Vell\u00e9s e Ibon Cormenzana emocionan con &#8220;Cuatro Paredes&#8221; en la segunda jornada del BCN Film Fest 2025","previousItem":{"@type":"ListItem","@id":"https:\/\/hotbuzzmag.com\/en\/category\/film-and-televisioncine-y-television\/#listItem","name":"Film and television"}}]},{"@type":"Organization","@id":"https:\/\/hotbuzzmag.com\/en\/#organization","name":"Hot BuZz (mag)","description":"News, reviews, curiosities and other cultural rarities","url":"https:\/\/hotbuzzmag.com\/en\/","logo":{"@type":"ImageObject","url":"https:\/\/i0.wp.com\/hotbuzzmag.com\/wp-content\/uploads\/2020\/04\/hot-buzz-magazine-logo20.png?fit=394%2C166&ssl=1","@id":"https:\/\/hotbuzzmag.com\/en\/bcn-film-fest-2025-manuela-velles-y-sofia-otero-dia-2\/#organizationLogo","width":394,"height":166,"caption":"Hot Buzz Magazine logo"},"image":{"@id":"https:\/\/hotbuzzmag.com\/en\/bcn-film-fest-2025-manuela-velles-y-sofia-otero-dia-2\/#organizationLogo"},"sameAs":["https:\/\/facebook.com\/hotbuzzmag","https:\/\/x.com\/hotbuzzmag","https:\/\/instagram.com\/hotbuzzmag","https:\/\/tiktok.com\/@hotbuzzmag","https:\/\/pinterest.com\/hotbuzzmag","https:\/\/youtube.com\/hotbuzzmag","https:\/\/linkedin.com\/in\/hotbuzzmag"]},{"@type":"Person","@id":"https:\/\/hotbuzzmag.com\/en\/author\/thais\/#author","url":"https:\/\/hotbuzzmag.com\/en\/author\/thais\/","name":"Tha\u00efs Parvez","image":{"@type":"ImageObject","@id":"https:\/\/hotbuzzmag.com\/en\/bcn-film-fest-2025-manuela-velles-y-sofia-otero-dia-2\/#authorImage","url":"https:\/\/secure.gravatar.com\/avatar\/da7aefe9cb2a9577c6685d3df8544e847cb65f714798cafeb81131a815ea4d23?s=96&d=mm&r=g","width":96,"height":96,"caption":"Tha\u00efs Parvez"}},{"@type":"WebPage","@id":"https:\/\/hotbuzzmag.com\/en\/bcn-film-fest-2025-manuela-velles-y-sofia-otero-dia-2\/#webpage","url":"https:\/\/hotbuzzmag.com\/en\/bcn-film-fest-2025-manuela-velles-y-sofia-otero-dia-2\/","name":"BCN Film Fest: Manuela Vell\u00e9s emociona con \"Cuatro Paredes\"","description":"Manuela Vell\u00e9s, Sof\u00eda Otero e Ibon Cormenzana emocionan en el BCN Film Fest 2025 con \"Cuatro Paredes\". Todo sobre la segunda jornada del festival.","inLanguage":"en-US","isPartOf":{"@id":"https:\/\/hotbuzzmag.com\/en\/#website"},"breadcrumb":{"@id":"https:\/\/hotbuzzmag.com\/en\/bcn-film-fest-2025-manuela-velles-y-sofia-otero-dia-2\/#breadcrumblist"},"author":{"@id":"https:\/\/hotbuzzmag.com\/en\/author\/thais\/#author"},"creator":{"@id":"https:\/\/hotbuzzmag.com\/en\/author\/thais\/#author"},"image":{"@type":"ImageObject","url":"https:\/\/i0.wp.com\/hotbuzzmag.com\/wp-content\/uploads\/2025\/04\/Manuela-Velles-Ibon-Cormenzana-y-Sofia-Otero-BCN-Film-Fest-2025.jpg?fit=1080%2C800&ssl=1","@id":"https:\/\/hotbuzzmag.com\/en\/bcn-film-fest-2025-manuela-velles-y-sofia-otero-dia-2\/#mainImage","width":1080,"height":800,"caption":"Manuela Vell\u00e9s, Ibon Cormenzana y Sof\u00eda Otero - BCN Film Fest 2025"},"primaryImageOfPage":{"@id":"https:\/\/hotbuzzmag.com\/en\/bcn-film-fest-2025-manuela-velles-y-sofia-otero-dia-2\/#mainImage"},"datePublished":"2025-04-26T17:00:36+02:00","dateModified":"2025-04-26T17:07:43+02:00"},{"@type":"WebSite","@id":"https:\/\/hotbuzzmag.com\/en\/#website","url":"https:\/\/hotbuzzmag.com\/en\/","name":"Hot BuZz (Mag) - Noticias, entrevistas &amp; rese\u00f1as | Cine, m\u00fasica","description":"News, reviews, curiosities and other cultural rarities","inLanguage":"en-US","publisher":{"@id":"https:\/\/hotbuzzmag.com\/en\/#organization"}}]},"og:locale":"en_US","og:site_name":"Hot BuZz (mag) | News, reviews, curiosities and other cultural rarities","og:type":"article","og:title":"BCN Film Fest: Manuela Vell\u00e9s emociona con &quot;Cuatro Paredes&quot;","og:description":"Manuela Vell\u00e9s, Sof\u00eda Otero e Ibon Cormenzana emocionan en el BCN Film Fest 2025 con &quot;Cuatro Paredes&quot;. Todo sobre la segunda jornada del festival.","og:url":"https:\/\/hotbuzzmag.com\/en\/bcn-film-fest-2025-manuela-velles-y-sofia-otero-dia-2\/","og:image":"https:\/\/hotbuzzmag.com\/wp-content\/uploads\/2025\/04\/Manuela-Velles-Ibon-Cormenzana-y-Sofia-Otero-BCN-Film-Fest-2025.jpg","og:image:secure_url":"https:\/\/hotbuzzmag.com\/wp-content\/uploads\/2025\/04\/Manuela-Velles-Ibon-Cormenzana-y-Sofia-Otero-BCN-Film-Fest-2025.jpg","og:image:width":1080,"og:image:height":800,"article:published_time":"2025-04-26T15:00:36+00:00","article:modified_time":"2025-04-26T15:07:43+00:00","article:publisher":"https:\/\/facebook.com\/hotbuzzmag","twitter:card":"summary","twitter:site":"@hotbuzzmag","twitter:title":"BCN Film Fest: Manuela Vell\u00e9s emociona con &quot;Cuatro Paredes&quot;","twitter:description":"Manuela Vell\u00e9s, Sof\u00eda Otero e Ibon Cormenzana emocionan en el BCN Film Fest 2025 con &quot;Cuatro Paredes&quot;. Todo sobre la segunda jornada del festival.","twitter:creator":"@hotbuzzmag","twitter:image":"https:\/\/hotbuzzmag.com\/wp-content\/uploads\/2025\/04\/Manuela-Velles-Ibon-Cormenzana-y-Sofia-Otero-BCN-Film-Fest-2025.jpg"},"aioseo_meta_data":{"post_id":"11308","title":"BCN Film Fest: Manuela Vell\u00e9s emociona con \"Cuatro Paredes\"","description":"Manuela Vell\u00e9s, Sof\u00eda Otero e Ibon Cormenzana emocionan en el BCN Film Fest 2025 con \"Cuatro Paredes\". Todo sobre la segunda jornada del festival.","keywords":null,"keyphrases":{"focus":{"keyphrase":"Manuela Vell\u00e9s Cuatro Paredes BCN Film Fest","score":41,"analysis":{"keyphraseInTitle":{"score":3,"maxScore":9,"error":1},"keyphraseInDescription":{"score":3,"maxScore":9,"error":1},"keyphraseLength":{"score":6,"maxScore":9,"error":1,"length":8},"keyphraseInURL":{"score":1,"maxScore":5,"error":1},"keyphraseInIntroduction":{"score":3,"maxScore":9,"error":1},"keyphraseInSubHeadings":{"score":3,"maxScore":9,"error":1},"keyphraseInImageAlt":{"score":9,"maxScore":9,"error":0},"keywordDensity":{"score":0,"type":"low","maxScore":9,"error":1}}},"additional":[]},"primary_term":null,"canonical_url":null,"og_title":null,"og_description":null,"og_object_type":"default","og_image_type":"default","og_image_url":null,"og_image_width":null,"og_image_height":null,"og_image_custom_url":null,"og_image_custom_fields":null,"og_video":"","og_custom_url":null,"og_article_section":null,"og_article_tags":null,"twitter_use_og":false,"twitter_card":"default","twitter_image_type":"default","twitter_image_url":null,"twitter_image_custom_url":null,"twitter_image_custom_fields":null,"twitter_title":null,"twitter_description":null,"schema":{"blockGraphs":[],"customGraphs":[],"default":{"data":{"Article":[],"Course":[],"Dataset":[],"FAQPage":[],"Movie":[],"Person":[],"Product":[],"ProductReview":[],"Car":[],"Recipe":[],"Service":[],"SoftwareApplication":[],"WebPage":[]},"graphName":"Article","isEnabled":true},"graphs":[]},"schema_type":"default","schema_type_options":null,"pillar_content":false,"robots_default":true,"robots_noindex":false,"robots_noarchive":false,"robots_nosnippet":false,"robots_nofollow":false,"robots_noimageindex":false,"robots_noodp":false,"robots_notranslate":false,"robots_max_snippet":"-1","robots_max_videopreview":"-1","robots_max_imagepreview":"large","priority":null,"frequency":"default","local_seo":null,"breadcrumb_settings":null,"limit_modified_date":false,"ai":null,"created":"2025-04-26 13:43:37","updated":"2025-08-17 04:19:05","seo_analyzer_scan_date":null,"focus_keyword":"Manuela Vell\u00e9s Cuatro Paredes BCN Film Fest","additional_keywords":null,"truseo_locale":null},"aioseo_breadcrumb":"<div class=\"aioseo-breadcrumbs\"><span class=\"aioseo-breadcrumb\">\n\t\t\t<a href=\"https:\/\/hotbuzzmag.com\/en\" title=\"Inicio\">Inicio<\/a>\n\t\t<\/span><span class=\"aioseo-breadcrumb-separator\">&raquo;<\/span><span class=\"aioseo-breadcrumb\">\n\t\t\t<a href=\"https:\/\/hotbuzzmag.com\/en\/category\/film-and-televisioncine-y-television\/\" title=\"Film and television\">Film and television<\/a>\n\t\t<\/span><span class=\"aioseo-breadcrumb-separator\">&raquo;<\/span><span class=\"aioseo-breadcrumb\">\n\t\t\tManuela Vell\u00e9s e Ibon Cormenzana emocionan con \u201cCuatro Paredes\u201d en la segunda jornada del BCN Film Fest 2025\n\t\t<\/span><\/div>","aioseo_breadcrumb_json":[{"label":"Inicio","link":"https:\/\/hotbuzzmag.com\/en"},{"label":"Film and television","link":"https:\/\/hotbuzzmag.com\/en\/category\/film-and-televisioncine-y-television\/"},{"label":"Manuela Vell\u00e9s e Ibon Cormenzana emocionan con &#8220;Cuatro Paredes&#8221; en la segunda jornada del BCN Film Fest 2025","link":"https:\/\/hotbuzzmag.com\/en\/bcn-film-fest-2025-manuela-velles-y-sofia-otero-dia-2\/"}],"jetpack_publicize_connections":[],"wps_subtitle":"Manuela Vell\u00e9s, Ibon Cormenzana, Sof\u00eda Otero, Barbie Ferreira y Laura Piani han presentado sus \u00faltimos proyectos ante el p\u00fablico.","jetpack_sharing_enabled":true,"jetpack_featured_media_url":"https:\/\/i0.wp.com\/hotbuzzmag.com\/wp-content\/uploads\/2025\/04\/Manuela-Velles-Ibon-Cormenzana-y-Sofia-Otero-BCN-Film-Fest-2025.jpg?fit=1080%2C800&ssl=1","_links":{"self":[{"href":"https:\/\/hotbuzzmag.com\/en\/wp-json\/wp\/v2\/posts\/11308","targetHints":{"allow":["GET"]}}],"collection":[{"href":"https:\/\/hotbuzzmag.com\/en\/wp-json\/wp\/v2\/posts"}],"about":[{"href":"https:\/\/hotbuzzmag.com\/en\/wp-json\/wp\/v2\/types\/post"}],"author":[{"embeddable":true,"href":"https:\/\/hotbuzzmag.com\/en\/wp-json\/wp\/v2\/users\/3"}],"replies":[{"embeddable":true,"href":"https:\/\/hotbuzzmag.com\/en\/wp-json\/wp\/v2\/comments?post=11308"}],"version-history":[{"count":4,"href":"https:\/\/hotbuzzmag.com\/en\/wp-json\/wp\/v2\/posts\/11308\/revisions"}],"predecessor-version":[{"id":11317,"href":"https:\/\/hotbuzzmag.com\/en\/wp-json\/wp\/v2\/posts\/11308\/revisions\/11317"}],"wp:featuredmedia":[{"embeddable":true,"href":"https:\/\/hotbuzzmag.com\/en\/wp-json\/wp\/v2\/media\/11311"}],"wp:attachment":[{"href":"https:\/\/hotbuzzmag.com\/en\/wp-json\/wp\/v2\/media?parent=11308"}],"wp:term":[{"taxonomy":"category","embeddable":true,"href":"https:\/\/hotbuzzmag.com\/en\/wp-json\/wp\/v2\/categories?post=11308"},{"taxonomy":"post_tag","embeddable":true,"href":"https:\/\/hotbuzzmag.com\/en\/wp-json\/wp\/v2\/tags?post=11308"},{"taxonomy":"reaction","embeddable":true,"href":"https:\/\/hotbuzzmag.com\/en\/wp-json\/wp\/v2\/reaction?post=11308"},{"taxonomy":"adace-sponsor","embeddable":true,"href":"https:\/\/hotbuzzmag.com\/en\/wp-json\/wp\/v2\/adace-sponsor?post=11308"}],"curies":[{"name":"wp","href":"https:\/\/api.w.org\/{rel}","templated":true}]}}