{"id":11378,"date":"2025-03-16T18:08:05","date_gmt":"2025-03-16T17:08:05","guid":{"rendered":"https:\/\/hotbuzzmag.com\/es\/?p=11378"},"modified":"2025-06-16T18:26:43","modified_gmt":"2025-06-16T16:26:43","slug":"a-day-to-remember-vuelve-a-espana-este-verano-con-una-gira-explosiva","status":"publish","type":"post","link":"https:\/\/hotbuzzmag.com\/en\/a-day-to-remember-vuelve-a-madrid-y-barcelona-en-2025\/","title":{"rendered":"A Day To Remember vuelve a Espa\u00f1a este verano con una gira explosiva"},"content":{"rendered":"<p>&#8221; href=&#8221;https:\/\/hotbuzzmag.com\/es\/?p=7136&#8243; target=&#8221;_blank&#8221; rel=&#8221;noopener&#8221;>A Day To Remember<\/a>, una de las bandas m\u00e1s populares del pop-punk y el metalcore, regresa a los escenarios espa\u00f1oles el pr\u00f3ximo junio con una doble cita que promete hacer historia.<!--more--><\/p>\n<h2>A Day To Remember presentar\u00e1 los temas de su nuevo trabajo, \u201cBig Ole Album Vol. 1\u201d<\/h2>\n<p>El cuarteto capitaneado por el vocalista Jeremy McKinnon actuar\u00e1 el pr\u00f3ximo 19 de junio en la sala <a title=\"Stick to Your Guns Set Barcelona\u2019s Razzmatazz 2 on fire with an explosive hardcore punk performance\" href=\"https:\/\/hotbuzzmag.com\/es\/?p=11181\" target=\"_blank\" rel=\"noopener\">Razzmatazz<\/a> de Barcelona, y un d\u00eda m\u00e1s tarde, el 20 de junio, en la m\u00edtica sala La Riviera de Madrid.<\/p>\n<p>\u00c9sta ser\u00e1, sin duda, una gran oportunidad para escuchar en directo algunos de los temas que componen su octavo \u00e1lbum de estudio, <strong>\u201cBig Ole Album Vol. 1\u201d<\/strong> (Fueled by Ramen), lanzado el pasado 21 de febrero.<\/p>\n<p>Una de las grandes bazas de esta gira es que los chicos de A Day To Remember vendr\u00e1n <strong>acompa\u00f1ados por los brit\u00e1nicos Boston Manor<\/strong>, como teloneros de lujo.<\/p>\n<h2>A Day To Remember: un legado que sigue rompiendo moldes<\/h2>\n<p>Desde que irrumpieron en la escena en 2003 con su mezcla \u00fanica de <em>breakdowns<\/em> demoledores y estribillos coreables, A Day To Remember se ha ganado un lugar privilegiado en el coraz\u00f3n de los fanes m\u00e1s <em>metalcoreros<\/em>.<\/p>\n<p>Con himnos como <em>The Downfall of Us All, All I Want o If It Means a Lot to You<\/em>, han conseguido mantenerse relevantes durante m\u00e1s de dos d\u00e9cadas, evolucionando sin perder su esencia.<\/p>\n<p>Su \u00faltimo \u00e1lbum demuestra que siguen tan afilados y emocionalmente intensos como siempre.<\/p>\n<h2>\u00bfPor qu\u00e9 no te los puedes perder?<\/h2>\n<p>Ver a <a href=\"https:\/\/adtr.com\/\" target=\"_blank\" rel=\"nofollow noopener\">A Day To Remember<\/a> en directo es una experiencia transformadora.<\/p>\n<p>Su conexi\u00f3n con el p\u00fablico, la energ\u00eda cruda de su sonido y su actitud sin filtros convierten cada <em>show<\/em> en una aut\u00e9ntica fiesta metalcore.<\/p>\n<p>No es casualidad que hayan compartido cartel con bandas de la talla de <strong>Blink-182, Bring Me The Horizon o Slipknot<\/strong>.<\/p>\n<p>Adem\u00e1s, esta gira europea coincide con una nueva etapa para la banda, una que muchos fanes ya consideran un renacer creativo.<\/p>\n<p>Temas nuevos como <em>Miracle<\/em> o <em>Feedback<\/em> se mezclar\u00e1n con los cl\u00e1sicos que los llevaron a la cima, y la intensidad est\u00e1 garantizada.<\/p>\n<p>Los <strong>teloneros <a href=\"https:\/\/www.bostonmanorband.com\/\" target=\"_blank\" rel=\"nofollow noopener\">Boston Manor<\/a> aportar\u00e1n ese toque brit\u00e1nico oscuro y alternativo<\/strong> que encaja perfectamente con el tono \u00e9pico de la gira.<\/p>\n<p>Esta gira de A Day To Remember en Madrid y Barcelona forma parte del <strong>Route Resurrection Fest<\/strong> Tour 2025.<\/p>\n<p>La banda tambi\u00e9n pasar\u00e1 por otras ciudades europeas como Berl\u00edn, Varsovia, Budapest y Londres.<\/p>\n<p>Adem\u00e1s, McKinnon y su tropa llevar\u00e1n su potente directo a grandes festivales internacionales como el <strong>Hellfest 2025, el Impericon Festival<\/strong> y el resucitado y esperado <strong>Vans Warped Tour.<\/strong><\/p>\n<p>Las entradas para los conciertos de junio ya est\u00e1n disponibles a trav\u00e9s de la web de <a href=\"https:\/\/www.resurrectionfest.es\/route\/a-day-to-remember-tour-2025\/\" target=\"_blank\" rel=\"nofollow noopener\">Route Resurrectio<\/a>n y <a href=\"https:\/\/www.bringthenoise.events\/evento\/route-resurrection-a-day-to-remember-barcelona-2025\/\" target=\"_blank\" rel=\"nofollow noopener\">Bring the Noise<\/a>.<\/p>\n<p>A continuaci\u00f3n, uno de los grandes \u00e9xitos de A Day To Remember para ir calentando motores.<\/p>","protected":false},"excerpt":{"rendered":"<p>Sorry, this entry is only available in Espa\u00f1ol. <a class=\"g1-link g1-link-more\" href=\"https:\/\/hotbuzzmag.com\/en\/a-day-to-remember-vuelve-a-madrid-y-barcelona-en-2025\/\">More<\/a><\/p>\n","protected":false},"author":3,"featured_media":11381,"comment_status":"open","ping_status":"open","sticky":false,"template":"","format":"standard","meta":{"_monsterinsights_skip_tracking":false,"_uf_show_specific_survey":0,"_uf_disable_surveys":false,"_jetpack_newsletter_access":"","_jetpack_dont_email_post_to_subs":false,"_jetpack_newsletter_tier_id":0,"_jetpack_memberships_contains_paywalled_content":false,"_jetpack_feature_clip_id":0,"_jetpack_memberships_contains_paid_content":false,"footnotes":"","jetpack_publicize_message":"","jetpack_publicize_feature_enabled":true,"jetpack_social_post_already_shared":true,"jetpack_social_options":{"image_generator_settings":{"template":"highway","default_image_id":0,"font":"","enabled":false},"version":2},"jetpack_post_was_ever_published":false},"categories":[11],"tags":[3521,4970,4735,3528,4468,4303,4262],"reaction":[],"adace-sponsor":[],"class_list":["post-11378","post","type-post","status-publish","format-standard","has-post-thumbnail","category-musica","tag-a-day-to-remember","tag-boston-manor","tag-bring-the-noise","tag-jeremy-mckinnon","tag-route-resurrection","tag-sala-la-riviera","tag-sala-razzmatazz"],"aioseo_notices":[],"aioseo_head":"\n\t\t<!-- All in One SEO 5.0.1.1 - aioseo.com -->\n\t<meta name=\"description\" content=\"A Day To Remember, una de las bandas m\u00e1s populares del pop-punk y el metalcore, regresa a los escenarios espa\u00f1oles en 2025 con dos fechas: Madrid y Barcelona.\" \/>\n\t<meta name=\"robots\" content=\"max-image-preview:large\" \/>\n\t<meta name=\"author\" content=\"Tha\u00efs Parvez\"\/>\n\t<meta name=\"google-site-verification\" content=\"8zRwdNGvTh7XxfwHrbpQ95mY_F9LFcOEEUJhyZJxgxE\" \/>\n\t<meta name=\"keywords\" content=\"a day to remember,boston manor,bring the noise,jeremy mckinnon,route resurrection,sala la riviera,sala razzmatazz\" \/>\n\t<link rel=\"canonical\" href=\"https:\/\/hotbuzzmag.com\/en\/a-day-to-remember-vuelve-a-madrid-y-barcelona-en-2025\/\" \/>\n\t<meta name=\"generator\" content=\"All in One SEO (AIOSEO) 5.0.1.1\" \/>\n\t\t<meta property=\"og:locale\" content=\"en_US\" \/>\n\t\t<meta property=\"og:site_name\" content=\"Hot BuZz (mag) | News, reviews, curiosities and other cultural rarities\" \/>\n\t\t<meta property=\"og:type\" content=\"article\" \/>\n\t\t<meta property=\"og:title\" content=\"A Day To Remember vuelve a Espa\u00f1a este verano con una gira explosiva\" \/>\n\t\t<meta property=\"og:description\" content=\"A Day To Remember, una de las bandas m\u00e1s populares del pop-punk y el metalcore, regresa a los escenarios espa\u00f1oles en 2025 con dos fechas: Madrid y Barcelona.\" \/>\n\t\t<meta property=\"og:url\" content=\"https:\/\/hotbuzzmag.com\/en\/a-day-to-remember-vuelve-a-madrid-y-barcelona-en-2025\/\" \/>\n\t\t<meta property=\"og:image\" content=\"https:\/\/hotbuzzmag.com\/wp-content\/uploads\/2025\/03\/A-Day-To-Remember-2025.jpg\" \/>\n\t\t<meta property=\"og:image:secure_url\" content=\"https:\/\/hotbuzzmag.com\/wp-content\/uploads\/2025\/03\/A-Day-To-Remember-2025.jpg\" \/>\n\t\t<meta property=\"og:image:width\" content=\"1080\" \/>\n\t\t<meta property=\"og:image:height\" content=\"800\" \/>\n\t\t<meta property=\"article:published_time\" content=\"2025-03-16T17:08:05+00:00\" \/>\n\t\t<meta property=\"article:modified_time\" content=\"2025-06-16T16:26:43+00:00\" \/>\n\t\t<meta property=\"article:publisher\" content=\"https:\/\/facebook.com\/hotbuzzmag\" \/>\n\t\t<meta name=\"twitter:card\" content=\"summary\" \/>\n\t\t<meta name=\"twitter:site\" content=\"@hotbuzzmag\" \/>\n\t\t<meta name=\"twitter:title\" content=\"A Day To Remember vuelve a Espa\u00f1a este verano con una gira explosiva\" \/>\n\t\t<meta name=\"twitter:description\" content=\"A Day To Remember, una de las bandas m\u00e1s populares del pop-punk y el metalcore, regresa a los escenarios espa\u00f1oles en 2025 con dos fechas: Madrid y Barcelona.\" \/>\n\t\t<meta name=\"twitter:creator\" content=\"@hotbuzzmag\" \/>\n\t\t<meta name=\"twitter:image\" content=\"https:\/\/hotbuzzmag.com\/wp-content\/uploads\/2025\/03\/A-Day-To-Remember-2025.jpg\" \/>\n\t\t<script type=\"application\/ld+json\" class=\"aioseo-schema\">\n\t\t\t{\"@context\":\"https:\\\/\\\/schema.org\",\"@graph\":[{\"@type\":\"Article\",\"@id\":\"https:\\\/\\\/hotbuzzmag.com\\\/en\\\/a-day-to-remember-vuelve-a-madrid-y-barcelona-en-2025\\\/#article\",\"name\":\"A Day To Remember vuelve a Espa\\u00f1a este verano con una gira explosiva\",\"headline\":\"A Day To Remember vuelve a Espa\\u00f1a este verano con una gira explosiva\",\"author\":{\"@id\":\"https:\\\/\\\/hotbuzzmag.com\\\/en\\\/author\\\/thais\\\/#author\"},\"publisher\":{\"@id\":\"https:\\\/\\\/hotbuzzmag.com\\\/en\\\/#organization\"},\"image\":{\"@type\":\"ImageObject\",\"url\":\"https:\\\/\\\/i0.wp.com\\\/hotbuzzmag.com\\\/wp-content\\\/uploads\\\/2025\\\/03\\\/A-Day-To-Remember-2025.jpg?fit=1080%2C800&ssl=1\",\"width\":1080,\"height\":800,\"caption\":\"A Day To Remember - 2025\"},\"datePublished\":\"2025-03-16T18:08:05+01:00\",\"dateModified\":\"2025-06-16T18:26:43+02:00\",\"inLanguage\":\"en-US\",\"mainEntityOfPage\":{\"@id\":\"https:\\\/\\\/hotbuzzmag.com\\\/en\\\/a-day-to-remember-vuelve-a-madrid-y-barcelona-en-2025\\\/#webpage\"},\"isPartOf\":{\"@id\":\"https:\\\/\\\/hotbuzzmag.com\\\/en\\\/a-day-to-remember-vuelve-a-madrid-y-barcelona-en-2025\\\/#webpage\"},\"articleSection\":\"Music, A Day to Remember, Boston Manor, Bring the Noise, Jeremy McKinnon, Route Resurrection, Sala La Riviera, Sala Razzmatazz\"},{\"@type\":\"BreadcrumbList\",\"@id\":\"https:\\\/\\\/hotbuzzmag.com\\\/en\\\/a-day-to-remember-vuelve-a-madrid-y-barcelona-en-2025\\\/#breadcrumblist\",\"itemListElement\":[{\"@type\":\"ListItem\",\"@id\":\"https:\\\/\\\/hotbuzzmag.com\\\/en#listItem\",\"position\":1,\"name\":\"Inicio\",\"item\":\"https:\\\/\\\/hotbuzzmag.com\\\/en\",\"nextItem\":{\"@type\":\"ListItem\",\"@id\":\"https:\\\/\\\/hotbuzzmag.com\\\/en\\\/category\\\/music\\\/#listItem\",\"name\":\"Music\"}},{\"@type\":\"ListItem\",\"@id\":\"https:\\\/\\\/hotbuzzmag.com\\\/en\\\/category\\\/music\\\/#listItem\",\"position\":2,\"name\":\"Music\",\"item\":\"https:\\\/\\\/hotbuzzmag.com\\\/en\\\/category\\\/music\\\/\",\"nextItem\":{\"@type\":\"ListItem\",\"@id\":\"https:\\\/\\\/hotbuzzmag.com\\\/en\\\/a-day-to-remember-vuelve-a-madrid-y-barcelona-en-2025\\\/#listItem\",\"name\":\"A Day To Remember vuelve a Espa\\u00f1a este verano con una gira explosiva\"},\"previousItem\":{\"@type\":\"ListItem\",\"@id\":\"https:\\\/\\\/hotbuzzmag.com\\\/en#listItem\",\"name\":\"Inicio\"}},{\"@type\":\"ListItem\",\"@id\":\"https:\\\/\\\/hotbuzzmag.com\\\/en\\\/a-day-to-remember-vuelve-a-madrid-y-barcelona-en-2025\\\/#listItem\",\"position\":3,\"name\":\"A Day To Remember vuelve a Espa\\u00f1a este verano con una gira explosiva\",\"previousItem\":{\"@type\":\"ListItem\",\"@id\":\"https:\\\/\\\/hotbuzzmag.com\\\/en\\\/category\\\/music\\\/#listItem\",\"name\":\"Music\"}}]},{\"@type\":\"Organization\",\"@id\":\"https:\\\/\\\/hotbuzzmag.com\\\/en\\\/#organization\",\"name\":\"Hot BuZz (mag)\",\"description\":\"News, reviews, curiosities and other cultural rarities\",\"url\":\"https:\\\/\\\/hotbuzzmag.com\\\/en\\\/\",\"logo\":{\"@type\":\"ImageObject\",\"url\":\"https:\\\/\\\/i0.wp.com\\\/hotbuzzmag.com\\\/wp-content\\\/uploads\\\/2020\\\/04\\\/hot-buzz-magazine-logo20.png?fit=394%2C166&ssl=1\",\"@id\":\"https:\\\/\\\/hotbuzzmag.com\\\/en\\\/a-day-to-remember-vuelve-a-madrid-y-barcelona-en-2025\\\/#organizationLogo\",\"width\":394,\"height\":166,\"caption\":\"Hot Buzz Magazine logo\"},\"image\":{\"@id\":\"https:\\\/\\\/hotbuzzmag.com\\\/en\\\/a-day-to-remember-vuelve-a-madrid-y-barcelona-en-2025\\\/#organizationLogo\"},\"sameAs\":[\"https:\\\/\\\/facebook.com\\\/hotbuzzmag\",\"https:\\\/\\\/x.com\\\/hotbuzzmag\",\"https:\\\/\\\/instagram.com\\\/hotbuzzmag\",\"https:\\\/\\\/tiktok.com\\\/@hotbuzzmag\",\"https:\\\/\\\/pinterest.com\\\/hotbuzzmag\",\"https:\\\/\\\/youtube.com\\\/hotbuzzmag\",\"https:\\\/\\\/linkedin.com\\\/in\\\/hotbuzzmag\"]},{\"@type\":\"Person\",\"@id\":\"https:\\\/\\\/hotbuzzmag.com\\\/en\\\/author\\\/thais\\\/#author\",\"url\":\"https:\\\/\\\/hotbuzzmag.com\\\/en\\\/author\\\/thais\\\/\",\"name\":\"Tha\\u00efs Parvez\",\"image\":{\"@type\":\"ImageObject\",\"@id\":\"https:\\\/\\\/hotbuzzmag.com\\\/en\\\/a-day-to-remember-vuelve-a-madrid-y-barcelona-en-2025\\\/#authorImage\",\"url\":\"https:\\\/\\\/secure.gravatar.com\\\/avatar\\\/da7aefe9cb2a9577c6685d3df8544e847cb65f714798cafeb81131a815ea4d23?s=96&d=mm&r=g\",\"width\":96,\"height\":96,\"caption\":\"Tha\\u00efs Parvez\"}},{\"@type\":\"WebPage\",\"@id\":\"https:\\\/\\\/hotbuzzmag.com\\\/en\\\/a-day-to-remember-vuelve-a-madrid-y-barcelona-en-2025\\\/#webpage\",\"url\":\"https:\\\/\\\/hotbuzzmag.com\\\/en\\\/a-day-to-remember-vuelve-a-madrid-y-barcelona-en-2025\\\/\",\"name\":\"A Day To Remember vuelve a Espa\\u00f1a este verano con una gira explosiva\",\"description\":\"A Day To Remember, una de las bandas m\\u00e1s populares del pop-punk y el metalcore, regresa a los escenarios espa\\u00f1oles en 2025 con dos fechas: Madrid y Barcelona.\",\"inLanguage\":\"en-US\",\"isPartOf\":{\"@id\":\"https:\\\/\\\/hotbuzzmag.com\\\/en\\\/#website\"},\"breadcrumb\":{\"@id\":\"https:\\\/\\\/hotbuzzmag.com\\\/en\\\/a-day-to-remember-vuelve-a-madrid-y-barcelona-en-2025\\\/#breadcrumblist\"},\"author\":{\"@id\":\"https:\\\/\\\/hotbuzzmag.com\\\/en\\\/author\\\/thais\\\/#author\"},\"creator\":{\"@id\":\"https:\\\/\\\/hotbuzzmag.com\\\/en\\\/author\\\/thais\\\/#author\"},\"image\":{\"@type\":\"ImageObject\",\"url\":\"https:\\\/\\\/i0.wp.com\\\/hotbuzzmag.com\\\/wp-content\\\/uploads\\\/2025\\\/03\\\/A-Day-To-Remember-2025.jpg?fit=1080%2C800&ssl=1\",\"@id\":\"https:\\\/\\\/hotbuzzmag.com\\\/en\\\/a-day-to-remember-vuelve-a-madrid-y-barcelona-en-2025\\\/#mainImage\",\"width\":1080,\"height\":800,\"caption\":\"A Day To Remember - 2025\"},\"primaryImageOfPage\":{\"@id\":\"https:\\\/\\\/hotbuzzmag.com\\\/en\\\/a-day-to-remember-vuelve-a-madrid-y-barcelona-en-2025\\\/#mainImage\"},\"datePublished\":\"2025-03-16T18:08:05+01:00\",\"dateModified\":\"2025-06-16T18:26:43+02:00\"},{\"@type\":\"WebSite\",\"@id\":\"https:\\\/\\\/hotbuzzmag.com\\\/en\\\/#website\",\"url\":\"https:\\\/\\\/hotbuzzmag.com\\\/en\\\/\",\"name\":\"Hot BuZz (Mag) - Noticias, entrevistas &amp; rese\\u00f1as | Cine, m\\u00fasica\",\"description\":\"News, reviews, curiosities and other cultural rarities\",\"inLanguage\":\"en-US\",\"publisher\":{\"@id\":\"https:\\\/\\\/hotbuzzmag.com\\\/en\\\/#organization\"}}]}\n\t\t<\/script>\n\t\t<!-- All in One SEO -->\n\n","aioseo_head_json":{"title":"A Day To Remember vuelve a Espa\u00f1a este verano con una gira explosiva","description":"A Day To Remember, una de las bandas m\u00e1s populares del pop-punk y el metalcore, regresa a los escenarios espa\u00f1oles en 2025 con dos fechas: Madrid y Barcelona.","canonical_url":"https:\/\/hotbuzzmag.com\/en\/a-day-to-remember-vuelve-a-madrid-y-barcelona-en-2025\/","robots":"max-image-preview:large","keywords":"a day to remember,boston manor,bring the noise,jeremy mckinnon,route resurrection,sala la riviera,sala razzmatazz","webmasterTools":{"google-site-verification":"8zRwdNGvTh7XxfwHrbpQ95mY_F9LFcOEEUJhyZJxgxE","miscellaneous":""},"schema":{"@context":"https:\/\/schema.org","@graph":[{"@type":"Article","@id":"https:\/\/hotbuzzmag.com\/en\/a-day-to-remember-vuelve-a-madrid-y-barcelona-en-2025\/#article","name":"A Day To Remember vuelve a Espa\u00f1a este verano con una gira explosiva","headline":"A Day To Remember vuelve a Espa\u00f1a este verano con una gira explosiva","author":{"@id":"https:\/\/hotbuzzmag.com\/en\/author\/thais\/#author"},"publisher":{"@id":"https:\/\/hotbuzzmag.com\/en\/#organization"},"image":{"@type":"ImageObject","url":"https:\/\/i0.wp.com\/hotbuzzmag.com\/wp-content\/uploads\/2025\/03\/A-Day-To-Remember-2025.jpg?fit=1080%2C800&ssl=1","width":1080,"height":800,"caption":"A Day To Remember - 2025"},"datePublished":"2025-03-16T18:08:05+01:00","dateModified":"2025-06-16T18:26:43+02:00","inLanguage":"en-US","mainEntityOfPage":{"@id":"https:\/\/hotbuzzmag.com\/en\/a-day-to-remember-vuelve-a-madrid-y-barcelona-en-2025\/#webpage"},"isPartOf":{"@id":"https:\/\/hotbuzzmag.com\/en\/a-day-to-remember-vuelve-a-madrid-y-barcelona-en-2025\/#webpage"},"articleSection":"Music, A Day to Remember, Boston Manor, Bring the Noise, Jeremy McKinnon, Route Resurrection, Sala La Riviera, Sala Razzmatazz"},{"@type":"BreadcrumbList","@id":"https:\/\/hotbuzzmag.com\/en\/a-day-to-remember-vuelve-a-madrid-y-barcelona-en-2025\/#breadcrumblist","itemListElement":[{"@type":"ListItem","@id":"https:\/\/hotbuzzmag.com\/en#listItem","position":1,"name":"Inicio","item":"https:\/\/hotbuzzmag.com\/en","nextItem":{"@type":"ListItem","@id":"https:\/\/hotbuzzmag.com\/en\/category\/music\/#listItem","name":"Music"}},{"@type":"ListItem","@id":"https:\/\/hotbuzzmag.com\/en\/category\/music\/#listItem","position":2,"name":"Music","item":"https:\/\/hotbuzzmag.com\/en\/category\/music\/","nextItem":{"@type":"ListItem","@id":"https:\/\/hotbuzzmag.com\/en\/a-day-to-remember-vuelve-a-madrid-y-barcelona-en-2025\/#listItem","name":"A Day To Remember vuelve a Espa\u00f1a este verano con una gira explosiva"},"previousItem":{"@type":"ListItem","@id":"https:\/\/hotbuzzmag.com\/en#listItem","name":"Inicio"}},{"@type":"ListItem","@id":"https:\/\/hotbuzzmag.com\/en\/a-day-to-remember-vuelve-a-madrid-y-barcelona-en-2025\/#listItem","position":3,"name":"A Day To Remember vuelve a Espa\u00f1a este verano con una gira explosiva","previousItem":{"@type":"ListItem","@id":"https:\/\/hotbuzzmag.com\/en\/category\/music\/#listItem","name":"Music"}}]},{"@type":"Organization","@id":"https:\/\/hotbuzzmag.com\/en\/#organization","name":"Hot BuZz (mag)","description":"News, reviews, curiosities and other cultural rarities","url":"https:\/\/hotbuzzmag.com\/en\/","logo":{"@type":"ImageObject","url":"https:\/\/i0.wp.com\/hotbuzzmag.com\/wp-content\/uploads\/2020\/04\/hot-buzz-magazine-logo20.png?fit=394%2C166&ssl=1","@id":"https:\/\/hotbuzzmag.com\/en\/a-day-to-remember-vuelve-a-madrid-y-barcelona-en-2025\/#organizationLogo","width":394,"height":166,"caption":"Hot Buzz Magazine logo"},"image":{"@id":"https:\/\/hotbuzzmag.com\/en\/a-day-to-remember-vuelve-a-madrid-y-barcelona-en-2025\/#organizationLogo"},"sameAs":["https:\/\/facebook.com\/hotbuzzmag","https:\/\/x.com\/hotbuzzmag","https:\/\/instagram.com\/hotbuzzmag","https:\/\/tiktok.com\/@hotbuzzmag","https:\/\/pinterest.com\/hotbuzzmag","https:\/\/youtube.com\/hotbuzzmag","https:\/\/linkedin.com\/in\/hotbuzzmag"]},{"@type":"Person","@id":"https:\/\/hotbuzzmag.com\/en\/author\/thais\/#author","url":"https:\/\/hotbuzzmag.com\/en\/author\/thais\/","name":"Tha\u00efs Parvez","image":{"@type":"ImageObject","@id":"https:\/\/hotbuzzmag.com\/en\/a-day-to-remember-vuelve-a-madrid-y-barcelona-en-2025\/#authorImage","url":"https:\/\/secure.gravatar.com\/avatar\/da7aefe9cb2a9577c6685d3df8544e847cb65f714798cafeb81131a815ea4d23?s=96&d=mm&r=g","width":96,"height":96,"caption":"Tha\u00efs Parvez"}},{"@type":"WebPage","@id":"https:\/\/hotbuzzmag.com\/en\/a-day-to-remember-vuelve-a-madrid-y-barcelona-en-2025\/#webpage","url":"https:\/\/hotbuzzmag.com\/en\/a-day-to-remember-vuelve-a-madrid-y-barcelona-en-2025\/","name":"A Day To Remember vuelve a Espa\u00f1a este verano con una gira explosiva","description":"A Day To Remember, una de las bandas m\u00e1s populares del pop-punk y el metalcore, regresa a los escenarios espa\u00f1oles en 2025 con dos fechas: Madrid y Barcelona.","inLanguage":"en-US","isPartOf":{"@id":"https:\/\/hotbuzzmag.com\/en\/#website"},"breadcrumb":{"@id":"https:\/\/hotbuzzmag.com\/en\/a-day-to-remember-vuelve-a-madrid-y-barcelona-en-2025\/#breadcrumblist"},"author":{"@id":"https:\/\/hotbuzzmag.com\/en\/author\/thais\/#author"},"creator":{"@id":"https:\/\/hotbuzzmag.com\/en\/author\/thais\/#author"},"image":{"@type":"ImageObject","url":"https:\/\/i0.wp.com\/hotbuzzmag.com\/wp-content\/uploads\/2025\/03\/A-Day-To-Remember-2025.jpg?fit=1080%2C800&ssl=1","@id":"https:\/\/hotbuzzmag.com\/en\/a-day-to-remember-vuelve-a-madrid-y-barcelona-en-2025\/#mainImage","width":1080,"height":800,"caption":"A Day To Remember - 2025"},"primaryImageOfPage":{"@id":"https:\/\/hotbuzzmag.com\/en\/a-day-to-remember-vuelve-a-madrid-y-barcelona-en-2025\/#mainImage"},"datePublished":"2025-03-16T18:08:05+01:00","dateModified":"2025-06-16T18:26:43+02:00"},{"@type":"WebSite","@id":"https:\/\/hotbuzzmag.com\/en\/#website","url":"https:\/\/hotbuzzmag.com\/en\/","name":"Hot BuZz (Mag) - Noticias, entrevistas &amp; rese\u00f1as | Cine, m\u00fasica","description":"News, reviews, curiosities and other cultural rarities","inLanguage":"en-US","publisher":{"@id":"https:\/\/hotbuzzmag.com\/en\/#organization"}}]},"og:locale":"en_US","og:site_name":"Hot BuZz (mag) | News, reviews, curiosities and other cultural rarities","og:type":"article","og:title":"A Day To Remember vuelve a Espa\u00f1a este verano con una gira explosiva","og:description":"A Day To Remember, una de las bandas m\u00e1s populares del pop-punk y el metalcore, regresa a los escenarios espa\u00f1oles en 2025 con dos fechas: Madrid y Barcelona.","og:url":"https:\/\/hotbuzzmag.com\/en\/a-day-to-remember-vuelve-a-madrid-y-barcelona-en-2025\/","og:image":"https:\/\/hotbuzzmag.com\/wp-content\/uploads\/2025\/03\/A-Day-To-Remember-2025.jpg","og:image:secure_url":"https:\/\/hotbuzzmag.com\/wp-content\/uploads\/2025\/03\/A-Day-To-Remember-2025.jpg","og:image:width":1080,"og:image:height":800,"article:published_time":"2025-03-16T17:08:05+00:00","article:modified_time":"2025-06-16T16:26:43+00:00","article:publisher":"https:\/\/facebook.com\/hotbuzzmag","twitter:card":"summary","twitter:site":"@hotbuzzmag","twitter:title":"A Day To Remember vuelve a Espa\u00f1a este verano con una gira explosiva","twitter:description":"A Day To Remember, una de las bandas m\u00e1s populares del pop-punk y el metalcore, regresa a los escenarios espa\u00f1oles en 2025 con dos fechas: Madrid y Barcelona.","twitter:creator":"@hotbuzzmag","twitter:image":"https:\/\/hotbuzzmag.com\/wp-content\/uploads\/2025\/03\/A-Day-To-Remember-2025.jpg"},"aioseo_meta_data":{"post_id":"11378","title":"A Day To Remember vuelve a Espa\u00f1a este verano con una gira explosiva","description":"A Day To Remember, una de las bandas m\u00e1s populares del pop-punk y el metalcore, regresa a los escenarios espa\u00f1oles en 2025 con dos fechas: Madrid y Barcelona.","keywords":null,"keyphrases":{"focus":{"keyphrase":"A Day to Remember Madrid Barcelona 2025","score":41,"analysis":{"keyphraseInTitle":{"score":3,"maxScore":9,"error":1},"keyphraseInDescription":{"score":3,"maxScore":9,"error":1},"keyphraseLength":{"score":6,"maxScore":9,"error":1,"length":7},"keyphraseInURL":{"score":1,"maxScore":5,"error":1},"keyphraseInIntroduction":{"score":3,"maxScore":9,"error":1},"keyphraseInSubHeadings":{"score":3,"maxScore":9,"error":1},"keyphraseInImageAlt":{"score":9,"maxScore":9,"error":0},"keywordDensity":{"score":0,"type":"low","maxScore":9,"error":1}}},"additional":[]},"primary_term":null,"canonical_url":null,"og_title":"A Day To Remember vuelve a Espa\u00f1a este verano con una gira explosiva","og_description":"A Day To Remember, una de las bandas m\u00e1s populares del pop-punk y el metalcore, regresa a los escenarios espa\u00f1oles en 2025 con dos fechas: Madrid y Barcelona.","og_object_type":"default","og_image_type":"default","og_image_url":null,"og_image_width":null,"og_image_height":null,"og_image_custom_url":null,"og_image_custom_fields":null,"og_video":"","og_custom_url":null,"og_article_section":null,"og_article_tags":null,"twitter_use_og":false,"twitter_card":"default","twitter_image_type":"default","twitter_image_url":null,"twitter_image_custom_url":null,"twitter_image_custom_fields":null,"twitter_title":"A Day To Remember vuelve a Espa\u00f1a este verano con una gira explosiva","twitter_description":"A Day To Remember, una de las bandas m\u00e1s populares del pop-punk y el metalcore, regresa a los escenarios espa\u00f1oles en 2025 con dos fechas: Madrid y Barcelona.","schema":{"blockGraphs":[],"customGraphs":[],"default":{"data":{"Article":[],"Course":[],"Dataset":[],"FAQPage":[],"Movie":[],"Person":[],"Product":[],"ProductReview":[],"Car":[],"Recipe":[],"Service":[],"SoftwareApplication":[],"WebPage":[]},"graphName":"Article","isEnabled":true},"graphs":[]},"schema_type":"default","schema_type_options":null,"pillar_content":false,"robots_default":true,"robots_noindex":false,"robots_noarchive":false,"robots_nosnippet":false,"robots_nofollow":false,"robots_noimageindex":false,"robots_noodp":false,"robots_notranslate":false,"robots_max_snippet":"-1","robots_max_videopreview":"-1","robots_max_imagepreview":"large","priority":null,"frequency":"default","local_seo":null,"breadcrumb_settings":null,"limit_modified_date":false,"ai":null,"created":"2025-06-16 16:00:09","updated":"2025-08-17 04:17:47","seo_analyzer_scan_date":null,"focus_keyword":"A Day to Remember Madrid Barcelona 2025","additional_keywords":null,"truseo_locale":null},"aioseo_breadcrumb":"<div class=\"aioseo-breadcrumbs\"><span class=\"aioseo-breadcrumb\">\n\t\t\t<a href=\"https:\/\/hotbuzzmag.com\/en\" title=\"Inicio\">Inicio<\/a>\n\t\t<\/span><span class=\"aioseo-breadcrumb-separator\">&raquo;<\/span><span class=\"aioseo-breadcrumb\">\n\t\t\t<a href=\"https:\/\/hotbuzzmag.com\/en\/category\/music\/\" title=\"Music\">Music<\/a>\n\t\t<\/span><span class=\"aioseo-breadcrumb-separator\">&raquo;<\/span><span class=\"aioseo-breadcrumb\">\n\t\t\tA Day To Remember vuelve a Espa\u00f1a este verano con una gira explosiva\n\t\t<\/span><\/div>","aioseo_breadcrumb_json":[{"label":"Inicio","link":"https:\/\/hotbuzzmag.com\/en"},{"label":"Music","link":"https:\/\/hotbuzzmag.com\/en\/category\/music\/"},{"label":"A Day To Remember vuelve a Espa\u00f1a este verano con una gira explosiva","link":"https:\/\/hotbuzzmag.com\/en\/a-day-to-remember-vuelve-a-madrid-y-barcelona-en-2025\/"}],"jetpack_publicize_connections":[],"wps_subtitle":"La banda de pop-punk y metalcore actuar\u00e1 en Madrid y Barcelona","jetpack_sharing_enabled":true,"jetpack_featured_media_url":"https:\/\/i0.wp.com\/hotbuzzmag.com\/wp-content\/uploads\/2025\/03\/A-Day-To-Remember-2025.jpg?fit=1080%2C800&ssl=1","_links":{"self":[{"href":"https:\/\/hotbuzzmag.com\/en\/wp-json\/wp\/v2\/posts\/11378","targetHints":{"allow":["GET"]}}],"collection":[{"href":"https:\/\/hotbuzzmag.com\/en\/wp-json\/wp\/v2\/posts"}],"about":[{"href":"https:\/\/hotbuzzmag.com\/en\/wp-json\/wp\/v2\/types\/post"}],"author":[{"embeddable":true,"href":"https:\/\/hotbuzzmag.com\/en\/wp-json\/wp\/v2\/users\/3"}],"replies":[{"embeddable":true,"href":"https:\/\/hotbuzzmag.com\/en\/wp-json\/wp\/v2\/comments?post=11378"}],"version-history":[{"count":4,"href":"https:\/\/hotbuzzmag.com\/en\/wp-json\/wp\/v2\/posts\/11378\/revisions"}],"predecessor-version":[{"id":11384,"href":"https:\/\/hotbuzzmag.com\/en\/wp-json\/wp\/v2\/posts\/11378\/revisions\/11384"}],"wp:featuredmedia":[{"embeddable":true,"href":"https:\/\/hotbuzzmag.com\/en\/wp-json\/wp\/v2\/media\/11381"}],"wp:attachment":[{"href":"https:\/\/hotbuzzmag.com\/en\/wp-json\/wp\/v2\/media?parent=11378"}],"wp:term":[{"taxonomy":"category","embeddable":true,"href":"https:\/\/hotbuzzmag.com\/en\/wp-json\/wp\/v2\/categories?post=11378"},{"taxonomy":"post_tag","embeddable":true,"href":"https:\/\/hotbuzzmag.com\/en\/wp-json\/wp\/v2\/tags?post=11378"},{"taxonomy":"reaction","embeddable":true,"href":"https:\/\/hotbuzzmag.com\/en\/wp-json\/wp\/v2\/reaction?post=11378"},{"taxonomy":"adace-sponsor","embeddable":true,"href":"https:\/\/hotbuzzmag.com\/en\/wp-json\/wp\/v2\/adace-sponsor?post=11378"}],"curies":[{"name":"wp","href":"https:\/\/api.w.org\/{rel}","templated":true}]}}